{"id":39,"date":"2009-03-01T13:09:00","date_gmt":"2009-03-01T12:09:00","guid":{"rendered":"http:\/\/kh.ruckus.eu\/?p=39"},"modified":"2025-08-25T19:37:00","modified_gmt":"2025-08-25T17:37:00","slug":"die-paris-berlin-verbindung-auf-poetischem-weg","status":"publish","type":"post","link":"https:\/\/www.katiahermann.com\/de\/die-paris-berlin-verbindung-auf-poetischem-weg\/","title":{"rendered":"Die Paris-Berlin Verbindung auf poetischem Weg"},"content":{"rendered":"<p>Erschienen auf <a href=\"http:\/\/www.artandevents.mediaquell.com\" target=\"_blank\">www.artandevents.mediaquell.com<\/a>, 2009<br \/>\n[slideshow_deploy id=&#8217;411&#8242;]<\/p>\n<hr \/>\n<p>Premiere in Berlin: Der Fr\u00fchling kommt und somit die Poesie! Dieses Jahr findet zum ersten Mal der \u201ePrintemps des Po\u00e8tes\u201c (der \u201eFr\u00fchling der Dichter\u201c) in Berlin statt (02. bis 15. M\u00e4rz 2009). Das Konzept dieses Festivals kommt aus der Hauptstadt Frankreichs, wo sich der Pariser Verein \u201ePrintemps des Po\u00e8tes\u201c seit zehn Jahren f\u00fcr die Verbreitung und Vermittlung von Poesie einsetzt: z.B. durch Unterst\u00fctzung von Dichtern bei Ver\u00f6ffentlichungen, Archivierung von Poesie sowie poetischen Aktionen, Ausbildung von Bibliothekaren und Lehrern.<\/p>\n<p>Jedes Jahr wird zu diesem Fest der Poesie mit einem vorgegebenen Thema aufgerufen. Das Thema 2009 ist \u201een rires\u201c (\u201edar\u00fcber lachen\/zum Lachen\u201c). Und jeder kann daran teilnehmen: Privatpersonen, Sch\u00fcler, Vereine, Berufsgruppen, kulturelle Institutionen. Ziel ist, dass jeder selbst zum Poesie-Botschafter wird.<\/p>\n<p>In Berlin wurde der Printemps des Po\u00e8tes Berlin09 von der Kulturmanagerin Catherine Launay initiiert und mit der Unterst\u00fctzung der Poesie-Vermittlerin Nicola Caroli weiterentwickelt. Durch ein gutes Netzwerk, neue Kontakte und Mundpropaganda konnten sie in kurzer Zeit &#8211; ohne Sponsoren, ohne Institutionen, nur mit Hilfe ehrenamtlicher, engagierter, poesieliebender Mitarbeiter und Organisationen &#8211; mehr als 50 Aktivisten gewinnen.<\/p>\n<p>Ein alternatives, spontanes Festival also, das der Lyrikliebhaber an mehreren Orten in Berlin entdecken kann und das sich als internationale und interdisziplin\u00e4re Aktion versteht. Sie will anregen, \u00fcber Poesie zu reflektieren und l\u00e4dt ein, unterschiedliche Vorstellungen, Auffassungen und Formen von Poesie auszudr\u00fccken: Was ist Poesie? Was kann Poesie alles sein? Was ist f\u00fcr Euch poetisch? Wie m\u00f6chtet Ihr Euch mitteilen? Wie kann sie die Menschen erreichen?<\/p>\n<p>Eine breite Palette an poetischen Aktivit\u00e4ten wird angeboten: Private und \u00f6ffentliche Aktionen, spontane Happenings, mehrsprachige Lesungen, Installationen, Aktionen im \u00f6ffentlichen Raum oder organisierte Workshops f\u00fcr Jugendliche und Erwachsene sowie Ausstellungen und Veranstaltungen auch in mehreren Sprachen. Eine Aktion kann eine Minute dauern, eine einmalige Veranstaltung sein oder sich \u00fcber volle zwei Wochen hinziehen.<\/p>\n<p>Es k\u00f6nnen sich neben dem feststehenden Programm durchaus Parallelprogramme entwickeln: das von begeisterten Zuschauern, die selber zu Akteuren werden. Der Printemps des Po\u00e8tes Berlin09 ist offen f\u00fcr alle und wird vielleicht \u2013 online &#8211; \u00fcber den 15. M\u00e4rz andauern.<\/p>\n<p>Machen Sie mit, werden Sie selber zum Dichter: senden Sie Ihre poetischen Nachrichten per Internet auf den Poesie-Anrufbeantworter, schicken Sie Fotos von ihren Magnetbuchstaben-Gedichten auf dem K\u00fchlschrank oder hinterlassen Sie Ihre Reime auf Notizzetteln in den Poetry Collecting Boxes an \u00f6ffentlichen Orten wie Caf\u00e9s, Biol\u00e4den oder Galerien im Reuterkiez, Berlin-Neuk\u00f6lln.<br \/>\nLassen Sie Ihrer Phantasie freien Lauf, was Poesie ist, was poetisch ist, bestimmen Sie!<\/p>\n<p>Katia Hermann<\/p>\n","protected":false},"excerpt":{"rendered":"<p>Erschienen auf www.artandevents.mediaquell.com, 2009 [slideshow_deploy id=&#8217;411&#8242;] Premiere in Berlin: Der Fr\u00fchling kommt und somit die Poesie! Dieses Jahr findet zum ersten Mal der \u201ePrintemps des Po\u00e8tes\u201c (der \u201eFr\u00fchling der Dichter\u201c) in Berlin statt (02. bis 15. M\u00e4rz 2009). Das Konzept dieses Festivals kommt aus der Hauptstadt Frankreichs, wo sich der Pariser Verein \u201ePrintemps des Po\u00e8tes\u201c [&hellip;]<\/p>\n","protected":false},"author":2,"featured_media":0,"comment_status":"open","ping_status":"open","sticky":false,"template":"","format":"standard","meta":{"footnotes":""},"categories":[123],"tags":[],"class_list":["post-39","post","type-post","status-publish","format-standard","hentry","category-publikationen"],"_links":{"self":[{"href":"https:\/\/www.katiahermann.com\/de\/wp-json\/wp\/v2\/posts\/39","targetHints":{"allow":["GET"]}}],"collection":[{"href":"https:\/\/www.katiahermann.com\/de\/wp-json\/wp\/v2\/posts"}],"about":[{"href":"https:\/\/www.katiahermann.com\/de\/wp-json\/wp\/v2\/types\/post"}],"author":[{"embeddable":true,"href":"https:\/\/www.katiahermann.com\/de\/wp-json\/wp\/v2\/users\/2"}],"replies":[{"embeddable":true,"href":"https:\/\/www.katiahermann.com\/de\/wp-json\/wp\/v2\/comments?post=39"}],"version-history":[{"count":5,"href":"https:\/\/www.katiahermann.com\/de\/wp-json\/wp\/v2\/posts\/39\/revisions"}],"predecessor-version":[{"id":3240,"href":"https:\/\/www.katiahermann.com\/de\/wp-json\/wp\/v2\/posts\/39\/revisions\/3240"}],"wp:attachment":[{"href":"https:\/\/www.katiahermann.com\/de\/wp-json\/wp\/v2\/media?parent=39"}],"wp:term":[{"taxonomy":"category","embeddable":true,"href":"https:\/\/www.katiahermann.com\/de\/wp-json\/wp\/v2\/categories?post=39"},{"taxonomy":"post_tag","embeddable":true,"href":"https:\/\/www.katiahermann.com\/de\/wp-json\/wp\/v2\/tags?post=39"}],"curies":[{"name":"wp","href":"https:\/\/api.w.org\/{rel}","templated":true}]}}