{"id":5643,"date":"2024-11-01T17:30:40","date_gmt":"2024-11-01T16:30:40","guid":{"rendered":"https:\/\/www.katiahermann.com\/duo-show-berlin-stillgelegt-kiezreport-6de-de-at-48h-neukoelln-2024\/"},"modified":"2026-03-18T10:06:07","modified_gmt":"2026-03-18T09:06:07","slug":"duo-show-berlin-stillgelegt-kiezreport-6de-de-at-48h-neukoelln-2024","status":"publish","type":"post","link":"https:\/\/www.katiahermann.com\/de\/duo-show-berlin-stillgelegt-kiezreport-6de-de-at-48h-neukoelln-2024\/","title":{"rendered":"Duo show BERLIN Stillgelegt\/Kiezreport 6de.de at 48h Neuk\u00f6lln 2024"},"content":{"rendered":"<p><a href=\"https:\/\/daisy-hibiscus-dtkk.squarespace.com\/shows\/schluzbus6er\">https:\/\/daisy-hibiscus-dtkk.squarespace.com\/shows\/schluzbus6er<\/a><\/p>\n<p>Duo show BERLIN Stillgelegt\/Kiezreport 6de.de at 48h Neuk\u00f6lln 2024<\/p>\n<p>Retramp Gallery<\/p>\n<p>Fr., 28.06.2024 &#8211; Opening 19:00 &#8211; 22:00<span class=\"Apple-converted-space\">\u00a0<\/span><\/p>\n<p>Samstag, 29.06.2024 12-19h<\/p>\n<p>Sonntag, 30.06.2024 12h -19h<\/p>\n<p>&nbsp;<\/p>\n<p>BERLIN Stillgelegt<\/p>\n<p>Fotografie von Kevin Schulzbus<\/p>\n<p>Die Fotoausstellung von Kevin Schulzbus pr\u00e4sentiert analoge und digitale Fotografien, die \u00fcber einige Jahre in Berlin entstanden sind. Der waschechte Berliner Fotograf und Videograf schreibt folgende Worte zu \u201eBERLIN Stillgelegt\u201c: \u201eFreiraum. Was ist Raum. Raum in der Stadt. Freier Raum. Der nicht genutzt wird. Stillgelegter, alter, ungenutzte Raum. Fl\u00e4chen, die brachliegen. Verwahrlost. Unn\u00fctz. Und doch so sch\u00f6n. Ich liebe diese Pl\u00e4tze, die immer weniger in Berlin werden. Auf meinen unz\u00e4hligen Kilometern zu Fu\u00df durch Berlin, habe ich \u00fcber 25 Jahre eine gro\u00dfe Sammlung dieser Un-Orte, Nicht-Pl\u00e4tze und Frei-R\u00e4ume gesammelt. Stillgelegte, vergessene Ort, die auf ihre Weise so wunderbar eint\u00f6nig und doch abwechslungsreich sind, dass man sie unbedingt nicht in Vergessenheit geraten lassen darf.\u201c Kevin Schulzbus<\/p>\n<p><img loading=\"lazy\" decoding=\"async\" class=\"alignnone size-medium wp-image-4334\" src=\"https:\/\/www.katiahermann.com\/wp-content\/uploads\/2025\/01\/Kevin-Schulzbus-Der-moderne-Tarzan-Berlin-Tempelhof-2022-Leica-Mini-Film-Kodak-Gold\u00a9Kevin-Schulzbus-300x205.jpg\" alt=\"\" width=\"300\" height=\"205\" srcset=\"https:\/\/www.katiahermann.com\/wp-content\/uploads\/2025\/01\/Kevin-Schulzbus-Der-moderne-Tarzan-Berlin-Tempelhof-2022-Leica-Mini-Film-Kodak-Gold\u00a9Kevin-Schulzbus-300x205.jpg 300w, https:\/\/www.katiahermann.com\/wp-content\/uploads\/2025\/01\/Kevin-Schulzbus-Der-moderne-Tarzan-Berlin-Tempelhof-2022-Leica-Mini-Film-Kodak-Gold\u00a9Kevin-Schulzbus-1024x698.jpg 1024w, https:\/\/www.katiahermann.com\/wp-content\/uploads\/2025\/01\/Kevin-Schulzbus-Der-moderne-Tarzan-Berlin-Tempelhof-2022-Leica-Mini-Film-Kodak-Gold\u00a9Kevin-Schulzbus-768x524.jpg 768w, https:\/\/www.katiahermann.com\/wp-content\/uploads\/2025\/01\/Kevin-Schulzbus-Der-moderne-Tarzan-Berlin-Tempelhof-2022-Leica-Mini-Film-Kodak-Gold\u00a9Kevin-Schulzbus-160x110.jpg 160w, https:\/\/www.katiahermann.com\/wp-content\/uploads\/2025\/01\/Kevin-Schulzbus-Der-moderne-Tarzan-Berlin-Tempelhof-2022-Leica-Mini-Film-Kodak-Gold\u00a9Kevin-Schulzbus.jpg 1000w\" sizes=\"(max-width: 300px) 100vw, 300px\" \/><\/p>\n<p>und<span class=\"Apple-converted-space\">\u00a0<\/span><\/p>\n<p>Kiezreport 6de.de<\/p>\n<p>Foto-und Videoausstellung von Hannes Jahreis des Stra\u00dfenk\u00fcnstlers \u201e!\u00a0@SeX#\u2500\u2500\u2500\u2500\u2500\u2588\u2588\u2588\u2588\u2588\u2588\u2588\u2588\u2588\u2588\u2550\u2550\u2550\u2550\u2588\u00a0 -_-\u00a0.\u201c<span class=\"Apple-converted-space\">\u00a0<\/span><\/p>\n<p>Seit 1995 f\u00fchlt sich der Berliner Stra\u00dfenk\u00fcnstler &#8222;!\u00a0@SeX#\u2500\u2500\u2500\u2500\u2500\u2588\u2588\u2588\u2588\u2588\u2588\u2588\u2588\u2588\u2588\u2550\u2550\u2550\u2550\u2588\u00a0 -_-\u00a0.\u201c<span class=\"Apple-converted-space\">\u00a0<\/span><\/p>\n<p>berufen, mit Pinsel und Farbe Zeichen im Berliner Stadtraum zu hinterlassen. Die bisher mehr tempor\u00e4re Begebenheiten sollen zuk\u00fcnftig dauerhafter im Stadtbild erscheinen. Seine Zeichen bringt er meist an herumstehenden M\u00fcll, Sperrm\u00fcll, Baustellen oder auf Plakaten an und schafft in der Stille, was nur im Chaos funktioniert. Viele kennen vielleicht die gepinselte 6, eine 6estaltung, bestehend auch aus EINER Linie,\u00a0welche auch zu seiner Computertechnik keySstroke passt. Hierbei geht es um die technische M\u00f6glichkeit, mit EINER Aktion auf 2 benachbarten Tasten eine oder mehr Webseiten zu \u00f6ffnen oder auch noch Texteingaben zu t\u00e4tigen.<\/p>\n<p>Die Ausstellung zeigt eine dokumentarische Serie seiner Arbeit, interpretiert von Hannes Jahreis durch Video und schwarz-wei\u00df Fotografie\u00a0und gibt uns einen kleinen Einblick in seine Streifz\u00fcge und sein Schaffen.<\/p>\n<p><img loading=\"lazy\" decoding=\"async\" class=\"alignnone size-medium wp-image-4331\" src=\"https:\/\/www.katiahermann.com\/wp-content\/uploads\/2025\/01\/Hannes-Jahreis-Ohne-Titel-2023-Fotografie\u00a9Hannes-Jahreis-Kopie-300x200.jpg\" alt=\"\" width=\"300\" height=\"200\" srcset=\"https:\/\/www.katiahermann.com\/wp-content\/uploads\/2025\/01\/Hannes-Jahreis-Ohne-Titel-2023-Fotografie\u00a9Hannes-Jahreis-Kopie-300x200.jpg 300w, https:\/\/www.katiahermann.com\/wp-content\/uploads\/2025\/01\/Hannes-Jahreis-Ohne-Titel-2023-Fotografie\u00a9Hannes-Jahreis-Kopie-1024x683.jpg 1024w, https:\/\/www.katiahermann.com\/wp-content\/uploads\/2025\/01\/Hannes-Jahreis-Ohne-Titel-2023-Fotografie\u00a9Hannes-Jahreis-Kopie-768x512.jpg 768w, https:\/\/www.katiahermann.com\/wp-content\/uploads\/2025\/01\/Hannes-Jahreis-Ohne-Titel-2023-Fotografie\u00a9Hannes-Jahreis-Kopie-1536x1025.jpg 1536w, https:\/\/www.katiahermann.com\/wp-content\/uploads\/2025\/01\/Hannes-Jahreis-Ohne-Titel-2023-Fotografie\u00a9Hannes-Jahreis-Kopie.jpg 1000w\" sizes=\"(max-width: 300px) 100vw, 300px\" \/><\/p>\n<p>Kuratiert von Katia Hermann<\/p>\n<p><b>\u00dcber die K\u00fcnstler<\/b><\/p>\n<p>Kevin Schulzbus, 1984 in Berlin geboren, geh\u00f6rt zu den aktivsten, urbanen Fotografen der Hauptstadt. Mal mehr, mal weniger auf, \u00fcber und unter den Stra\u00dfen Berlins unterwegs, f\u00fchren ihn seine Wege automatisch zu seinen Motiven. Durch das Freilegen der unterschiedlichen Schichten, die die Gro\u00dfstadt mit sich bringt, zeigt Kevin das wahre Gesicht von Berlin und seinen Charakteren. K\u00fcnstler, Menschen auf und von der Stra\u00dfe, Freunde, oder zuf\u00e4llige Bekanntschaften posieren gekonnt, manche auch ungekonnt vor der Linse des Fotografen. Situationen, Zuf\u00e4lle und Begebenheiten, die nicht gerade allt\u00e4glich sind, formen die dokumentarischen Arbeiten und pr\u00e4gen die Stile, die sich Kevin \u00fcber die Jahre angeeignet hat.<\/p>\n<p>Hannes Jahreis ist gerne nachts in den Stra\u00dfen von Berlin mit seiner Kamera unterwegs.<\/p>\n","protected":false},"excerpt":{"rendered":"<p>https:\/\/daisy-hibiscus-dtkk.squarespace.com\/shows\/schluzbus6er Duo show BERLIN Stillgelegt\/Kiezreport 6de.de at 48h Neuk\u00f6lln 2024 Retramp Gallery Fr., 28.06.2024 &#8211; Opening 19:00 &#8211; 22:00\u00a0 Samstag, 29.06.2024 12-19h Sonntag, 30.06.2024 12h -19h &nbsp; BERLIN Stillgelegt Fotografie von Kevin Schulzbus Die Fotoausstellung von Kevin Schulzbus pr\u00e4sentiert analoge und digitale Fotografien, die \u00fcber einige Jahre in Berlin entstanden sind. Der waschechte Berliner Fotograf [&hellip;]<\/p>\n","protected":false},"author":2,"featured_media":5428,"comment_status":"closed","ping_status":"closed","sticky":false,"template":"","format":"standard","meta":{"footnotes":""},"categories":[1,77],"tags":[],"class_list":["post-5643","post","type-post","status-publish","format-standard","has-post-thumbnail","hentry","category-ausstellungen","category-news"],"_links":{"self":[{"href":"https:\/\/www.katiahermann.com\/de\/wp-json\/wp\/v2\/posts\/5643","targetHints":{"allow":["GET"]}}],"collection":[{"href":"https:\/\/www.katiahermann.com\/de\/wp-json\/wp\/v2\/posts"}],"about":[{"href":"https:\/\/www.katiahermann.com\/de\/wp-json\/wp\/v2\/types\/post"}],"author":[{"embeddable":true,"href":"https:\/\/www.katiahermann.com\/de\/wp-json\/wp\/v2\/users\/2"}],"replies":[{"embeddable":true,"href":"https:\/\/www.katiahermann.com\/de\/wp-json\/wp\/v2\/comments?post=5643"}],"version-history":[{"count":1,"href":"https:\/\/www.katiahermann.com\/de\/wp-json\/wp\/v2\/posts\/5643\/revisions"}],"predecessor-version":[{"id":6196,"href":"https:\/\/www.katiahermann.com\/de\/wp-json\/wp\/v2\/posts\/5643\/revisions\/6196"}],"wp:featuredmedia":[{"embeddable":true,"href":"https:\/\/www.katiahermann.com\/de\/wp-json\/wp\/v2\/media\/5428"}],"wp:attachment":[{"href":"https:\/\/www.katiahermann.com\/de\/wp-json\/wp\/v2\/media?parent=5643"}],"wp:term":[{"taxonomy":"category","embeddable":true,"href":"https:\/\/www.katiahermann.com\/de\/wp-json\/wp\/v2\/categories?post=5643"},{"taxonomy":"post_tag","embeddable":true,"href":"https:\/\/www.katiahermann.com\/de\/wp-json\/wp\/v2\/tags?post=5643"}],"curies":[{"name":"wp","href":"https:\/\/api.w.org\/{rel}","templated":true}]}}